{"id":289602,"date":"2026-09-01T15:00:13","date_gmt":"2026-09-01T13:00:13","guid":{"rendered":"https:\/\/www.blumen-schwarz.de\/aktuell\/?p=289602"},"modified":"2026-09-01T19:41:30","modified_gmt":"2026-09-01T17:41:30","slug":"blumen-winkler","status":"publish","type":"post","link":"https:\/\/www.blumen-schwarz.de\/aktuell\/blumen-winkler\/2026\/09\/","title":{"rendered":"Blumen Winkler"},"content":{"rendered":"<h1>Blumen Winkler in Wolkersdorf ist geschlossen<\/h1>\n<p>Liebe Kunden,<\/p>\n<p>im August 2026 habe ich mein Gesch\u00e4ft geschlossen. Mein Laden war gemietet und ich hatte \u00fcberraschend die K\u00fcndigung des Ladens erhalten. In der heutigen Zeit ist ein Neuanfang an einem anderen Standort ein ungeheurer Kraftakt.\u00a0 Altersbedingt wollte ich mich diesen Anforderungen nicht mehr stellen.<\/p>\n<p>Mein Beruf macht mir immer noch Freude und ich bin lange noch nicht Reif f\u00fcr die Rente. Deswegen fange ich im September 2026 bei meinem Kollegen Blumen Schwarz in Schwabach in der Floristik an. Ich w\u00fcrde mich freuen wenn Sie mich dort besuchen und wir uns hier wiedersehen.<\/p>\n<p>F\u00fcr die vielen guten Jahre in Wolkersdorf m\u00f6chte ich mich bedanken:<\/p>\n<ul>\n<li>Herzlichen Dank f\u00fcr die vielen netten Kunden und Freude.<\/li>\n<li>Danke, dass Sie mich unterst\u00fctz haben und ich, und mir auch in schwierigen Zeiten, die Treue gehalten haben.<\/li>\n<li>Danke f\u00fcr das viele Lachen und den Spa\u00df und dass ich Ihre Floristin sein durfte.<\/li>\n<\/ul>\n<p>Herzlich<\/p>\n<p>Ihre Uschi Winkler<\/p>\n<p>&nbsp;<\/p>\n<p>Sehr geehrte Kunden von Blumen Winkler in Wolkersdorf,<\/p>\n<p>wir finden es traurig, wenn ein Kollege aufh\u00f6rt - aus welchen Gr\u00fcnden auch immer. Die gr\u00fcne Branche wird immer kleiner und es gibt wenig guten Nachwuchs. Das tut allen G\u00e4rtner und Floristen nicht gut und gibt, wenn \u00fcberhaupt, nur kurzfristige Gewinne f\u00fcr die \u00dcberbleibenden.<\/p>\n<p>Wir freuen uns aber, dass die Uschi Winkler bei uns als Floristin anf\u00e4ngt.\u00a0 In Zeiten, wo es wirklich schwer ist eine gute Floristin zu bekommen, ist es f\u00fcr uns ein unfassbarer Gl\u00fccksgriff, dass eine ehemalige Kollegin, gestanden Floristin, jemand mit K\u00f6nnen und Erfahrung bei uns im Team einsteigt. Daher von uns ein herzliches Willkommen.<\/p>\n<p>Sicherlich vermissen Sie Ihren Laden in Wolkersdorf. Denn k\u00f6nnen wir Ihnen leider nicht ersetzen. Aber wir w\u00fcrden uns sehr freuen, Sie in Schwabach, begr\u00fc\u00dfen zu d\u00fcrfen.<\/p>\n<p>In diesem Sinne bis bald<\/p>\n<p>Ihre Familie Schwarz<\/p>\n<p>Wir h\u00f6ren \u00f6fters kritische Stimmen, ob es klappt, dass jemand, der lange Jahre selbstst\u00e4ndig war, bei uns im Team anf\u00e4ngt: Die Uschi Winkler ist bei uns die dritte ehemalige Kollegin, die im Team mithilft. Von daher sind wir auch sehr zuversichtlich, dass das gemeinsame Arbeiten auch richtig gut klappen wird.<\/p>\n","protected":false},"excerpt":{"rendered":"<p>Blumen Winkler Wolkersdorf ist seit August 2026 geschlossen.<br \/>\nUschi Winkler f\u00e4ngt bei uns an ...<\/p>\n","protected":false},"author":2,"featured_media":289600,"comment_status":"open","ping_status":"open","sticky":false,"template":"","format":"standard","meta":{"inline_featured_image":false,"footnotes":""},"categories":[1],"tags":[],"class_list":["post-289602","post","type-post","status-publish","format-standard","has-post-thumbnail","hentry","category-aktuelles","thunk-woo-product-list","open-woo-hover-zoom","open-single-product-tab-horizontal","open-shadow-","open-shadow-hover-"],"_links":{"self":[{"href":"https:\/\/www.blumen-schwarz.de\/aktuell\/wp-json\/wp\/v2\/posts\/289602","targetHints":{"allow":["GET"]}}],"collection":[{"href":"https:\/\/www.blumen-schwarz.de\/aktuell\/wp-json\/wp\/v2\/posts"}],"about":[{"href":"https:\/\/www.blumen-schwarz.de\/aktuell\/wp-json\/wp\/v2\/types\/post"}],"author":[{"embeddable":true,"href":"https:\/\/www.blumen-schwarz.de\/aktuell\/wp-json\/wp\/v2\/users\/2"}],"replies":[{"embeddable":true,"href":"https:\/\/www.blumen-schwarz.de\/aktuell\/wp-json\/wp\/v2\/comments?post=289602"}],"version-history":[{"count":3,"href":"https:\/\/www.blumen-schwarz.de\/aktuell\/wp-json\/wp\/v2\/posts\/289602\/revisions"}],"predecessor-version":[{"id":289605,"href":"https:\/\/www.blumen-schwarz.de\/aktuell\/wp-json\/wp\/v2\/posts\/289602\/revisions\/289605"}],"wp:attachment":[{"href":"https:\/\/www.blumen-schwarz.de\/aktuell\/wp-json\/wp\/v2\/media?parent=289602"}],"wp:term":[{"taxonomy":"category","embeddable":true,"href":"https:\/\/www.blumen-schwarz.de\/aktuell\/wp-json\/wp\/v2\/categories?post=289602"},{"taxonomy":"post_tag","embeddable":true,"href":"https:\/\/www.blumen-schwarz.de\/aktuell\/wp-json\/wp\/v2\/tags?post=289602"}],"curies":[{"name":"wp","href":"https:\/\/api.w.org\/{rel}","templated":true}]}}